{"id":806,"date":"2015-10-21T08:16:06","date_gmt":"2015-10-21T06:16:06","guid":{"rendered":"http:\/\/sevedebygden.naturskyddsforeningen.se\/?p=806"},"modified":"2021-04-23T09:38:10","modified_gmt":"2021-04-23T07:38:10","slug":"50-arsjubileet","status":"publish","type":"post","link":"https:\/\/vimmerby.naturskyddsforeningen.se\/?p=806","title":{"rendered":"50- \u00e5rsjubileet"},"content":{"rendered":"<p>V\u00e5rt jubileum blev en lyckad tillst\u00e4llning. Ett 60- tal personer kom och firade med mat och dryck. Framtr\u00e4dandet av Jimmy Karlsson med Tjechovs monolog &#8221;Om tobakens skadeverkningar&#8221; \u00a0blev mycket uppskattat. Kv\u00e4llen avslutades med att Alicia Roteb\u00e4ck framf\u00f6rde n\u00e5gra s\u00e5nger ur sin repertoar. Kv\u00e4llens toastmaster var Thorsten Ungs\u00e4ter.<\/p>\n<p>Ett s\u00e4rskilt tack till Sparbanksstiftelsen i Vimmerby, Vimmerby sparbank samt till Galleri under l\u00f6nnen f\u00f6r sponsringen till jubileet.<\/p>\n<p>Stort tack \u00e4ven till de som jobbat med detta b\u00e5de f\u00f6re, under och efter festen.<\/p>\n","protected":false},"excerpt":{"rendered":"<p>V\u00e5rt jubileum blev en lyckad tillst\u00e4llning. Ett 60- tal personer kom och firade med mat och dryck. Framtr\u00e4dandet av Jimmy Karlsson med Tjechovs monolog &#8221;Om tobakens skadeverkningar&#8221; \u00a0blev mycket uppskattat. Kv\u00e4llen avslutades med att Alicia Roteb\u00e4ck framf\u00f6rde n\u00e5gra s\u00e5nger ur sin repertoar. Kv\u00e4llens toastmaster var Thorsten Ungs\u00e4ter. Ett s\u00e4rskilt tack till Sparbanksstiftelsen i Vimmerby, Vimmerby [&hellip;]<\/p>\n","protected":false},"author":32,"featured_media":0,"comment_status":"open","ping_status":"open","sticky":false,"template":"","format":"standard","meta":{"_acf_changed":false,"_jetpack_memberships_contains_paid_content":false,"footnotes":""},"categories":[8,13],"tags":[],"acf":[],"jetpack_sharing_enabled":true,"featured_image_src":null,"featured_image_src_square":null,"author_info":{"display_name":"kretssevedebygden","author_link":"https:\/\/vimmerby.naturskyddsforeningen.se\/?author=32"},"jetpack_featured_media_url":"","_links":{"self":[{"href":"https:\/\/vimmerby.naturskyddsforeningen.se\/index.php?rest_route=\/wp\/v2\/posts\/806"}],"collection":[{"href":"https:\/\/vimmerby.naturskyddsforeningen.se\/index.php?rest_route=\/wp\/v2\/posts"}],"about":[{"href":"https:\/\/vimmerby.naturskyddsforeningen.se\/index.php?rest_route=\/wp\/v2\/types\/post"}],"author":[{"embeddable":true,"href":"https:\/\/vimmerby.naturskyddsforeningen.se\/index.php?rest_route=\/wp\/v2\/users\/32"}],"replies":[{"embeddable":true,"href":"https:\/\/vimmerby.naturskyddsforeningen.se\/index.php?rest_route=%2Fwp%2Fv2%2Fcomments&post=806"}],"version-history":[{"count":3,"href":"https:\/\/vimmerby.naturskyddsforeningen.se\/index.php?rest_route=\/wp\/v2\/posts\/806\/revisions"}],"predecessor-version":[{"id":809,"href":"https:\/\/vimmerby.naturskyddsforeningen.se\/index.php?rest_route=\/wp\/v2\/posts\/806\/revisions\/809"}],"wp:attachment":[{"href":"https:\/\/vimmerby.naturskyddsforeningen.se\/index.php?rest_route=%2Fwp%2Fv2%2Fmedia&parent=806"}],"wp:term":[{"taxonomy":"category","embeddable":true,"href":"https:\/\/vimmerby.naturskyddsforeningen.se\/index.php?rest_route=%2Fwp%2Fv2%2Fcategories&post=806"},{"taxonomy":"post_tag","embeddable":true,"href":"https:\/\/vimmerby.naturskyddsforeningen.se\/index.php?rest_route=%2Fwp%2Fv2%2Ftags&post=806"}],"curies":[{"name":"wp","href":"https:\/\/api.w.org\/{rel}","templated":true}]}}