{"id":542,"date":"2014-05-04T17:48:16","date_gmt":"2014-05-04T15:48:16","guid":{"rendered":"http:\/\/sevedebygden.naturskyddsforeningen.se\/?p=542"},"modified":"2021-04-23T09:40:58","modified_gmt":"2021-04-23T07:40:58","slug":"fagning-pa-sundsangen","status":"publish","type":"post","link":"https:\/\/vimmerby.naturskyddsforeningen.se\/?p=542","title":{"rendered":"Fagning p\u00e5 Sunds\u00e4ngen"},"content":{"rendered":"<p><img loading=\"lazy\" decoding=\"async\" class=\"size-medium wp-image-549 aligncenter\" src=\"https:\/\/vimmerby.naturskyddsforeningen.se\/wp-content\/uploads\/sites\/46\/2014\/05\/jobb-300x200.jpg\" alt=\"jobb\" width=\"300\" height=\"200\" srcset=\"https:\/\/vimmerby.naturskyddsforeningen.se\/wp-content\/uploads\/sites\/46\/2014\/05\/jobb-300x200.jpg 300w, https:\/\/vimmerby.naturskyddsforeningen.se\/wp-content\/uploads\/sites\/46\/2014\/05\/jobb-560x373.jpg 560w, https:\/\/vimmerby.naturskyddsforeningen.se\/wp-content\/uploads\/sites\/46\/2014\/05\/jobb.jpg 1024w\" sizes=\"(max-width: 300px) 100vw, 300px\" \/>\u00a0\u00a0\u00a0\u00a0\u00a0\u00a0\u00a0\u00a0\u00a0\u00a0\u00a0\u00a0\u00a0\u00a0\u00a0\u00a0\u00a0\u00a0\u00a0\u00a0\u00a0\u00a0\u00a0\u00a0\u00a0\u00a0\u00a0\u00a0\u00a0\u00a0\u00a0\u00a0\u00a0\u00a0\u00a0 <em>N\u00e5gra i r\u00e4fsartagen<\/em> <em>Bild: Bertil Andersson<\/em><br \/>\nSevede naturskyddsf\u00f6rening anordnade tillsammans med Vimmerby folkh\u00f6gskola traditionell fagning av Sunds\u00e4ngen mellan S\u00f6dra Vi och Djursdala i str\u00e5lande v\u00e5rv\u00e4der i b\u00f6rjan av p\u00e5skveckan. Vid sidan av arbetet med att r\u00e4fsa \u00e4ngen fri fr\u00e5n grenar och l\u00f6v inneh\u00f6ll fagningsaktiviteten en f\u00f6rel\u00e4sning om<br \/>\n\u00e4ngens sk\u00f6tsel och historia, en tipsrunda i temat \u00e4ngar samt korvgrillning. F\u00f6r ett antal elever vid folkh\u00f6gskolan var fagningsdagen en del av undervisningen i \u00e4mnet naturkunskap. Eleverna fick bl a l\u00e4ra sig att fagningsarbetet m\u00f6jligg\u00f6r en bra start f\u00f6r Sunds\u00e4ngens v\u00e4xter och likas\u00e5 underl\u00e4ttar kommande sl\u00e5tter. Efter dagen kunde en vacker nyst\u00e4dad sl\u00e5tter\u00e4ng besk\u00e5das.<\/p>\n<p style=\"text-align: right\"><em>Text Jerry Svensson<\/em><\/p>\n","protected":false},"excerpt":{"rendered":"<p>\u00a0\u00a0\u00a0\u00a0\u00a0\u00a0\u00a0\u00a0\u00a0\u00a0\u00a0\u00a0\u00a0\u00a0\u00a0\u00a0\u00a0\u00a0\u00a0\u00a0\u00a0\u00a0\u00a0\u00a0\u00a0\u00a0\u00a0\u00a0\u00a0\u00a0\u00a0\u00a0\u00a0\u00a0\u00a0 N\u00e5gra i r\u00e4fsartagen Bild: Bertil Andersson Sevede naturskyddsf\u00f6rening anordnade tillsammans med Vimmerby folkh\u00f6gskola traditionell fagning av Sunds\u00e4ngen mellan S\u00f6dra Vi och Djursdala i str\u00e5lande v\u00e5rv\u00e4der i b\u00f6rjan av p\u00e5skveckan. Vid sidan av arbetet med att r\u00e4fsa \u00e4ngen fri fr\u00e5n grenar och l\u00f6v inneh\u00f6ll fagningsaktiviteten en f\u00f6rel\u00e4sning om \u00e4ngens sk\u00f6tsel och historia, en tipsrunda i [&hellip;]<\/p>\n","protected":false},"author":32,"featured_media":0,"comment_status":"open","ping_status":"open","sticky":false,"template":"","format":"standard","meta":{"_acf_changed":false,"_jetpack_memberships_contains_paid_content":false,"footnotes":""},"categories":[13],"tags":[],"acf":[],"jetpack_sharing_enabled":true,"featured_image_src":null,"featured_image_src_square":null,"author_info":{"display_name":"kretssevedebygden","author_link":"https:\/\/vimmerby.naturskyddsforeningen.se\/?author=32"},"jetpack_featured_media_url":"","_links":{"self":[{"href":"https:\/\/vimmerby.naturskyddsforeningen.se\/index.php?rest_route=\/wp\/v2\/posts\/542"}],"collection":[{"href":"https:\/\/vimmerby.naturskyddsforeningen.se\/index.php?rest_route=\/wp\/v2\/posts"}],"about":[{"href":"https:\/\/vimmerby.naturskyddsforeningen.se\/index.php?rest_route=\/wp\/v2\/types\/post"}],"author":[{"embeddable":true,"href":"https:\/\/vimmerby.naturskyddsforeningen.se\/index.php?rest_route=\/wp\/v2\/users\/32"}],"replies":[{"embeddable":true,"href":"https:\/\/vimmerby.naturskyddsforeningen.se\/index.php?rest_route=%2Fwp%2Fv2%2Fcomments&post=542"}],"version-history":[{"count":9,"href":"https:\/\/vimmerby.naturskyddsforeningen.se\/index.php?rest_route=\/wp\/v2\/posts\/542\/revisions"}],"predecessor-version":[{"id":555,"href":"https:\/\/vimmerby.naturskyddsforeningen.se\/index.php?rest_route=\/wp\/v2\/posts\/542\/revisions\/555"}],"wp:attachment":[{"href":"https:\/\/vimmerby.naturskyddsforeningen.se\/index.php?rest_route=%2Fwp%2Fv2%2Fmedia&parent=542"}],"wp:term":[{"taxonomy":"category","embeddable":true,"href":"https:\/\/vimmerby.naturskyddsforeningen.se\/index.php?rest_route=%2Fwp%2Fv2%2Fcategories&post=542"},{"taxonomy":"post_tag","embeddable":true,"href":"https:\/\/vimmerby.naturskyddsforeningen.se\/index.php?rest_route=%2Fwp%2Fv2%2Ftags&post=542"}],"curies":[{"name":"wp","href":"https:\/\/api.w.org\/{rel}","templated":true}]}}