{"id":1808,"date":"2026-09-01T21:31:58","date_gmt":"2026-09-01T19:31:58","guid":{"rendered":"https:\/\/vimmerby.naturskyddsforeningen.se\/?p=1808"},"modified":"2026-09-01T21:31:58","modified_gmt":"2026-09-01T19:31:58","slug":"harlig-kvall-i-storebro-med-flera-fladdermusarter","status":"publish","type":"post","link":"https:\/\/vimmerby.naturskyddsforeningen.se\/?p=1808","title":{"rendered":"H\u00e4rlig kv\u00e4ll i Storebro med flera fladdermusarter!"},"content":{"rendered":"<p><a href=\"https:\/\/vimmerby.naturskyddsforeningen.se\/wp-content\/uploads\/sites\/46\/2026\/09\/Fladdermussafari-Storebro-2-aug-2026-scaled.jpg\"><img loading=\"lazy\" decoding=\"async\" class=\"alignnone size-medium wp-image-1809\" src=\"https:\/\/vimmerby.naturskyddsforeningen.se\/wp-content\/uploads\/sites\/46\/2026\/09\/Fladdermussafari-Storebro-2-aug-2026-300x225.jpg\" alt=\"\" width=\"300\" height=\"225\" srcset=\"https:\/\/vimmerby.naturskyddsforeningen.se\/wp-content\/uploads\/sites\/46\/2026\/09\/Fladdermussafari-Storebro-2-aug-2026-300x225.jpg 300w, https:\/\/vimmerby.naturskyddsforeningen.se\/wp-content\/uploads\/sites\/46\/2026\/09\/Fladdermussafari-Storebro-2-aug-2026-1024x768.jpg 1024w, https:\/\/vimmerby.naturskyddsforeningen.se\/wp-content\/uploads\/sites\/46\/2026\/09\/Fladdermussafari-Storebro-2-aug-2026-768x576.jpg 768w, https:\/\/vimmerby.naturskyddsforeningen.se\/wp-content\/uploads\/sites\/46\/2026\/09\/Fladdermussafari-Storebro-2-aug-2026-1536x1152.jpg 1536w, https:\/\/vimmerby.naturskyddsforeningen.se\/wp-content\/uploads\/sites\/46\/2026\/09\/Fladdermussafari-Storebro-2-aug-2026-2048x1536.jpg 2048w\" sizes=\"(max-width: 300px) 100vw, 300px\" \/><\/a><\/p>\n<p>M\u00e5ndag 31 augusti blev en h\u00e4rlig kv\u00e4ll f\u00f6r ett litet g\u00e4ng entusiaster som tagit sig till Storebro f\u00f6r att spana efter fladdermus. Kv\u00e4llen var stilla och ljummen vid dammen. Efter lite v\u00e4ntan p\u00e5 skymningen kom sk\u00e5despelet ig\u00e5ng. Med hj\u00e4lp av avlyssningsutrustning lyckades vi h\u00f6ra och se vattenfladdermus, dv\u00e4rgpipistrell och nordfladdermus. Andra som vi h\u00f6rde, men inte s\u00e5g var st\u00f6rre brunfladdermus, dammfladdermus, mustaschfladdermus och kanske sydpipistrell.<\/p>\n<p>N\u00e4r m\u00f6rkret s\u00e4nkt sig lugnade luftakrobatiken ner sig n\u00e5got och i m\u00e5nens sken \u00e5kte fikakorgen med varm dryck och bullar fram.<\/p>\n<p>Magiskt! Vilken lyckad kv\u00e4ll!<\/p>\n<p><a href=\"https:\/\/vimmerby.naturskyddsforeningen.se\/wp-content\/uploads\/sites\/46\/2026\/09\/Fladdermussafari-Storebro-1-aug-2026-scaled.jpg\"><img loading=\"lazy\" decoding=\"async\" class=\"alignnone size-medium wp-image-1810\" src=\"https:\/\/vimmerby.naturskyddsforeningen.se\/wp-content\/uploads\/sites\/46\/2026\/09\/Fladdermussafari-Storebro-1-aug-2026-300x225.jpg\" alt=\"\" width=\"300\" height=\"225\" srcset=\"https:\/\/vimmerby.naturskyddsforeningen.se\/wp-content\/uploads\/sites\/46\/2026\/09\/Fladdermussafari-Storebro-1-aug-2026-300x225.jpg 300w, https:\/\/vimmerby.naturskyddsforeningen.se\/wp-content\/uploads\/sites\/46\/2026\/09\/Fladdermussafari-Storebro-1-aug-2026-1024x768.jpg 1024w, https:\/\/vimmerby.naturskyddsforeningen.se\/wp-content\/uploads\/sites\/46\/2026\/09\/Fladdermussafari-Storebro-1-aug-2026-768x576.jpg 768w, https:\/\/vimmerby.naturskyddsforeningen.se\/wp-content\/uploads\/sites\/46\/2026\/09\/Fladdermussafari-Storebro-1-aug-2026-1536x1152.jpg 1536w, https:\/\/vimmerby.naturskyddsforeningen.se\/wp-content\/uploads\/sites\/46\/2026\/09\/Fladdermussafari-Storebro-1-aug-2026-2048x1536.jpg 2048w\" sizes=\"(max-width: 300px) 100vw, 300px\" \/><\/a><\/p>\n","protected":false},"excerpt":{"rendered":"<p>M\u00e5ndag 31 augusti blev en h\u00e4rlig kv\u00e4ll f\u00f6r ett litet g\u00e4ng entusiaster som tagit sig till Storebro f\u00f6r att spana efter fladdermus. Kv\u00e4llen var stilla och ljummen vid dammen. Efter lite v\u00e4ntan p\u00e5 skymningen kom sk\u00e5despelet ig\u00e5ng. Med hj\u00e4lp av avlyssningsutrustning lyckades vi h\u00f6ra och se vattenfladdermus, dv\u00e4rgpipistrell och nordfladdermus. Andra som vi h\u00f6rde, men [&hellip;]<\/p>\n","protected":false},"author":32,"featured_media":0,"comment_status":"open","ping_status":"open","sticky":false,"template":"","format":"standard","meta":{"_acf_changed":false,"_jetpack_memberships_contains_paid_content":false,"footnotes":""},"categories":[13],"tags":[29],"acf":[],"jetpack_sharing_enabled":true,"featured_image_src":null,"featured_image_src_square":null,"author_info":{"display_name":"kretssevedebygden","author_link":"https:\/\/vimmerby.naturskyddsforeningen.se\/?author=32"},"jetpack_featured_media_url":"","_links":{"self":[{"href":"https:\/\/vimmerby.naturskyddsforeningen.se\/index.php?rest_route=\/wp\/v2\/posts\/1808"}],"collection":[{"href":"https:\/\/vimmerby.naturskyddsforeningen.se\/index.php?rest_route=\/wp\/v2\/posts"}],"about":[{"href":"https:\/\/vimmerby.naturskyddsforeningen.se\/index.php?rest_route=\/wp\/v2\/types\/post"}],"author":[{"embeddable":true,"href":"https:\/\/vimmerby.naturskyddsforeningen.se\/index.php?rest_route=\/wp\/v2\/users\/32"}],"replies":[{"embeddable":true,"href":"https:\/\/vimmerby.naturskyddsforeningen.se\/index.php?rest_route=%2Fwp%2Fv2%2Fcomments&post=1808"}],"version-history":[{"count":2,"href":"https:\/\/vimmerby.naturskyddsforeningen.se\/index.php?rest_route=\/wp\/v2\/posts\/1808\/revisions"}],"predecessor-version":[{"id":1812,"href":"https:\/\/vimmerby.naturskyddsforeningen.se\/index.php?rest_route=\/wp\/v2\/posts\/1808\/revisions\/1812"}],"wp:attachment":[{"href":"https:\/\/vimmerby.naturskyddsforeningen.se\/index.php?rest_route=%2Fwp%2Fv2%2Fmedia&parent=1808"}],"wp:term":[{"taxonomy":"category","embeddable":true,"href":"https:\/\/vimmerby.naturskyddsforeningen.se\/index.php?rest_route=%2Fwp%2Fv2%2Fcategories&post=1808"},{"taxonomy":"post_tag","embeddable":true,"href":"https:\/\/vimmerby.naturskyddsforeningen.se\/index.php?rest_route=%2Fwp%2Fv2%2Ftags&post=1808"}],"curies":[{"name":"wp","href":"https:\/\/api.w.org\/{rel}","templated":true}]}}