{"id":1696,"date":"2024-09-23T17:40:29","date_gmt":"2024-09-23T15:40:29","guid":{"rendered":"https:\/\/vimmerby.naturskyddsforeningen.se\/?p=1696"},"modified":"2024-09-23T17:45:09","modified_gmt":"2024-09-23T15:45:09","slug":"energi-vindkraft-solpaneler-eller-nagot-annat","status":"publish","type":"post","link":"https:\/\/vimmerby.naturskyddsforeningen.se\/?p=1696","title":{"rendered":"Energi &#8211; vindkraft, solpaneler eller n\u00e5got annat&#8230;?"},"content":{"rendered":"<p><a href=\"https:\/\/vimmerby.naturskyddsforeningen.se\/wp-content\/uploads\/sites\/46\/2024\/09\/vindkraft-scaled.jpg\"><img loading=\"lazy\" decoding=\"async\" class=\"alignnone size-medium wp-image-1700\" src=\"https:\/\/vimmerby.naturskyddsforeningen.se\/wp-content\/uploads\/sites\/46\/2024\/09\/vindkraft-300x225.jpg\" alt=\"\" width=\"300\" height=\"225\" srcset=\"https:\/\/vimmerby.naturskyddsforeningen.se\/wp-content\/uploads\/sites\/46\/2024\/09\/vindkraft-300x225.jpg 300w, https:\/\/vimmerby.naturskyddsforeningen.se\/wp-content\/uploads\/sites\/46\/2024\/09\/vindkraft-1024x768.jpg 1024w, https:\/\/vimmerby.naturskyddsforeningen.se\/wp-content\/uploads\/sites\/46\/2024\/09\/vindkraft-768x576.jpg 768w, https:\/\/vimmerby.naturskyddsforeningen.se\/wp-content\/uploads\/sites\/46\/2024\/09\/vindkraft-1536x1152.jpg 1536w, https:\/\/vimmerby.naturskyddsforeningen.se\/wp-content\/uploads\/sites\/46\/2024\/09\/vindkraft-2048x1536.jpg 2048w\" sizes=\"(max-width: 300px) 100vw, 300px\" \/><\/a><\/p>\n<p>Vid tre tillf\u00e4llen i h\u00f6st kommer Antoine Baudoin, energiexpert och sakkunnig p\u00e5 Naturskyddsf\u00f6reningens rikskansli i Stockholm, hit till Kalmar l\u00e4n, f\u00f6r att ber\u00e4tta om <b>vindkraftverk och solpaneler<\/b>, men \u00e4ven andra energislag.<\/p>\n<p class=\"x_MsoNormal\">L\u00e4nsf\u00f6rbundet ordnar arrangemanget, tillsammans med de tre kretsarna och Studiefr\u00e4mjandet.<u><\/u><u><\/u><\/p>\n<p class=\"x_MsoNormal\">ALLA medlemmar (OCH icke-medlemmar) fr\u00e5n ALLA kretsar inbjuds till f\u00f6ljande tillf\u00e4llen:<\/p>\n<p><b>KALMAR<\/b>\u00a0Tisdag 5\/11 kl. 19.00, IOGT\/NTO-lokalen Tr\u00e4dg\u00e5rdsgatan 12<br \/>\n<b>OSKARSHAMN<\/b>\u00a0Onsdag 6\/11 kl. 19.00, Hycklinge Naturcenter, D\u00f6derhult<br \/>\n<b>V\u00c4STERVIK<\/b>\u00a0Torsdag 7\/11 kl. 18.30, Studiefr\u00e4mjandet, Repslagargatan 5<\/p>\n<p>Fr\u00e5gor vi hoppas f\u00e5 svar p\u00e5:<\/p>\n<ul>\n<li class=\"x_MsoNormal\">Hur kan\/m\u00e5ste de integreras i naturen och samh\u00e4llet?<\/li>\n<li class=\"x_MsoNormal\">Vad ger de f\u00f6r problem? (Inkl. vad \u00e4r sant?)<\/li>\n<li class=\"x_MsoNormal\">Hur l\u00f6ser man de konflikter lokaliseringen ger upphov till?<\/li>\n<li class=\"x_MsoNormal\">Hur kan man se p\u00e5 alternativet k\u00e4rnkraft?<\/li>\n<li class=\"x_MsoNormal\">Eller mer vattenkraft<\/li>\n<li class=\"x_MsoNormal\">Hur g\u00e5r det med tankarna p\u00e5 mer v\u00e5gkraft?<\/li>\n<li class=\"x_MsoNormal\">Vad har Naturskyddsf\u00f6reningen f\u00f6r \u00e5sikter?<\/li>\n<\/ul>\n<p class=\"x_MsoNormal\">Kontaktpersoner \u00e4r<u><\/u><u><\/u><\/p>\n<p class=\"x_MsoNormal\">F\u00f6r Kalmar: Jan Herrmann, \u00a0<a href=\"mailto:jan.herrmann@lnu.se\" data-linkindex=\"3\">jan.herrmann@lnu.se<\/a><u><\/u><u><\/u><\/p>\n<p class=\"x_MsoNormal\">F\u00f6r Oskarshamn: Kuno Nilsson, 070-378 80 75,\u00a0<a href=\"mailto:kuno.nilsson.naturskyddsforeningen@telia.com\" data-linkindex=\"4\">kuno.nilsson.naturskyddsforeningen@telia.com<\/a><u><\/u><u><\/u><\/p>\n<p class=\"x_MsoNormal\">F\u00f6r V\u00e4stervik: Patrik Waernabaum, 070-461 36 16,\u00a0<a href=\"mailto:patrik@aramisfilm.com\" data-linkindex=\"5\">patrik@aramisfilm.com<\/a><\/p>\n<p>ALLA \u00e4r v\u00e4lkomna! \u00c4ven kritiker!<\/p>\n<p>H\u00e4lsningar L\u00e4nsf\u00f6rbundets Styrelse<\/p>\n","protected":false},"excerpt":{"rendered":"<p>Vid tre tillf\u00e4llen i h\u00f6st kommer Antoine Baudoin, energiexpert och sakkunnig p\u00e5 Naturskyddsf\u00f6reningens rikskansli i Stockholm, hit till Kalmar l\u00e4n, f\u00f6r att ber\u00e4tta om vindkraftverk och solpaneler, men \u00e4ven andra energislag. L\u00e4nsf\u00f6rbundet ordnar arrangemanget, tillsammans med de tre kretsarna och Studiefr\u00e4mjandet. ALLA medlemmar (OCH icke-medlemmar) fr\u00e5n ALLA kretsar inbjuds till f\u00f6ljande tillf\u00e4llen: KALMAR\u00a0Tisdag 5\/11 kl. [&hellip;]<\/p>\n","protected":false},"author":32,"featured_media":0,"comment_status":"open","ping_status":"open","sticky":false,"template":"","format":"standard","meta":{"_acf_changed":false,"_jetpack_memberships_contains_paid_content":false,"footnotes":""},"categories":[1],"tags":[],"acf":[],"jetpack_sharing_enabled":true,"featured_image_src":null,"featured_image_src_square":null,"author_info":{"display_name":"kretssevedebygden","author_link":"https:\/\/vimmerby.naturskyddsforeningen.se\/?author=32"},"jetpack_featured_media_url":"","_links":{"self":[{"href":"https:\/\/vimmerby.naturskyddsforeningen.se\/index.php?rest_route=\/wp\/v2\/posts\/1696"}],"collection":[{"href":"https:\/\/vimmerby.naturskyddsforeningen.se\/index.php?rest_route=\/wp\/v2\/posts"}],"about":[{"href":"https:\/\/vimmerby.naturskyddsforeningen.se\/index.php?rest_route=\/wp\/v2\/types\/post"}],"author":[{"embeddable":true,"href":"https:\/\/vimmerby.naturskyddsforeningen.se\/index.php?rest_route=\/wp\/v2\/users\/32"}],"replies":[{"embeddable":true,"href":"https:\/\/vimmerby.naturskyddsforeningen.se\/index.php?rest_route=%2Fwp%2Fv2%2Fcomments&post=1696"}],"version-history":[{"count":3,"href":"https:\/\/vimmerby.naturskyddsforeningen.se\/index.php?rest_route=\/wp\/v2\/posts\/1696\/revisions"}],"predecessor-version":[{"id":1702,"href":"https:\/\/vimmerby.naturskyddsforeningen.se\/index.php?rest_route=\/wp\/v2\/posts\/1696\/revisions\/1702"}],"wp:attachment":[{"href":"https:\/\/vimmerby.naturskyddsforeningen.se\/index.php?rest_route=%2Fwp%2Fv2%2Fmedia&parent=1696"}],"wp:term":[{"taxonomy":"category","embeddable":true,"href":"https:\/\/vimmerby.naturskyddsforeningen.se\/index.php?rest_route=%2Fwp%2Fv2%2Fcategories&post=1696"},{"taxonomy":"post_tag","embeddable":true,"href":"https:\/\/vimmerby.naturskyddsforeningen.se\/index.php?rest_route=%2Fwp%2Fv2%2Ftags&post=1696"}],"curies":[{"name":"wp","href":"https:\/\/api.w.org\/{rel}","templated":true}]}}