{"id":1646,"date":"2023-10-17T21:42:55","date_gmt":"2023-10-17T19:42:55","guid":{"rendered":"https:\/\/sevedebygden.naturskyddsforeningen.se\/?p=1646"},"modified":"2023-10-17T21:42:55","modified_gmt":"2023-10-17T19:42:55","slug":"medverkan-pa-vimmerbys-litteraturfestival","status":"publish","type":"post","link":"https:\/\/vimmerby.naturskyddsforeningen.se\/?p=1646","title":{"rendered":"Medverkan p\u00e5 Vimmerbys Litteraturfestival."},"content":{"rendered":"<p>L\u00f6rdagen 14 oktober arrangerades Vimmerbys Litteraturfestival: Vimmerby Ber\u00e4ttar. \u00c5rets tema r\u00f6rde sig kring klimat och h\u00e5llbarhet.<\/p>\n<p>Natutskyddsf\u00f6rening Vimmerby medverkade med ett bord p\u00e5 Klimattorget inne p\u00e5 biblioteket. Vi k\u00f6rde Artfalken och medlemsv\u00e4rvning.<\/p>\n<p><a href=\"https:\/\/vimmerby.naturskyddsforeningen.se\/wp-content\/uploads\/sites\/46\/2023\/10\/Foto-Kulturtorget-Litteraturfestivalen-2023.jpeg\"><img loading=\"lazy\" decoding=\"async\" class=\"alignnone size-medium wp-image-1647\" src=\"https:\/\/vimmerby.naturskyddsforeningen.se\/wp-content\/uploads\/sites\/46\/2023\/10\/Foto-Kulturtorget-Litteraturfestivalen-2023-300x225.jpeg\" alt=\"\" width=\"300\" height=\"225\" srcset=\"https:\/\/vimmerby.naturskyddsforeningen.se\/wp-content\/uploads\/sites\/46\/2023\/10\/Foto-Kulturtorget-Litteraturfestivalen-2023-300x225.jpeg 300w, https:\/\/vimmerby.naturskyddsforeningen.se\/wp-content\/uploads\/sites\/46\/2023\/10\/Foto-Kulturtorget-Litteraturfestivalen-2023-1024x768.jpeg 1024w, https:\/\/vimmerby.naturskyddsforeningen.se\/wp-content\/uploads\/sites\/46\/2023\/10\/Foto-Kulturtorget-Litteraturfestivalen-2023-768x576.jpeg 768w, https:\/\/vimmerby.naturskyddsforeningen.se\/wp-content\/uploads\/sites\/46\/2023\/10\/Foto-Kulturtorget-Litteraturfestivalen-2023-1536x1152.jpeg 1536w, https:\/\/vimmerby.naturskyddsforeningen.se\/wp-content\/uploads\/sites\/46\/2023\/10\/Foto-Kulturtorget-Litteraturfestivalen-2023.jpeg 2040w\" sizes=\"(max-width: 300px) 100vw, 300px\" \/><\/a><\/p>\n","protected":false},"excerpt":{"rendered":"<p>L\u00f6rdagen 14 oktober arrangerades Vimmerbys Litteraturfestival: Vimmerby Ber\u00e4ttar. \u00c5rets tema r\u00f6rde sig kring klimat och h\u00e5llbarhet. Natutskyddsf\u00f6rening Vimmerby medverkade med ett bord p\u00e5 Klimattorget inne p\u00e5 biblioteket. Vi k\u00f6rde Artfalken och medlemsv\u00e4rvning.<\/p>\n","protected":false},"author":32,"featured_media":0,"comment_status":"open","ping_status":"open","sticky":false,"template":"","format":"standard","meta":{"_acf_changed":false,"_jetpack_memberships_contains_paid_content":false,"footnotes":""},"categories":[13],"tags":[],"acf":[],"jetpack_sharing_enabled":true,"featured_image_src":null,"featured_image_src_square":null,"author_info":{"display_name":"kretssevedebygden","author_link":"https:\/\/vimmerby.naturskyddsforeningen.se\/?author=32"},"jetpack_featured_media_url":"","_links":{"self":[{"href":"https:\/\/vimmerby.naturskyddsforeningen.se\/index.php?rest_route=\/wp\/v2\/posts\/1646"}],"collection":[{"href":"https:\/\/vimmerby.naturskyddsforeningen.se\/index.php?rest_route=\/wp\/v2\/posts"}],"about":[{"href":"https:\/\/vimmerby.naturskyddsforeningen.se\/index.php?rest_route=\/wp\/v2\/types\/post"}],"author":[{"embeddable":true,"href":"https:\/\/vimmerby.naturskyddsforeningen.se\/index.php?rest_route=\/wp\/v2\/users\/32"}],"replies":[{"embeddable":true,"href":"https:\/\/vimmerby.naturskyddsforeningen.se\/index.php?rest_route=%2Fwp%2Fv2%2Fcomments&post=1646"}],"version-history":[{"count":3,"href":"https:\/\/vimmerby.naturskyddsforeningen.se\/index.php?rest_route=\/wp\/v2\/posts\/1646\/revisions"}],"predecessor-version":[{"id":1650,"href":"https:\/\/vimmerby.naturskyddsforeningen.se\/index.php?rest_route=\/wp\/v2\/posts\/1646\/revisions\/1650"}],"wp:attachment":[{"href":"https:\/\/vimmerby.naturskyddsforeningen.se\/index.php?rest_route=%2Fwp%2Fv2%2Fmedia&parent=1646"}],"wp:term":[{"taxonomy":"category","embeddable":true,"href":"https:\/\/vimmerby.naturskyddsforeningen.se\/index.php?rest_route=%2Fwp%2Fv2%2Fcategories&post=1646"},{"taxonomy":"post_tag","embeddable":true,"href":"https:\/\/vimmerby.naturskyddsforeningen.se\/index.php?rest_route=%2Fwp%2Fv2%2Ftags&post=1646"}],"curies":[{"name":"wp","href":"https:\/\/api.w.org\/{rel}","templated":true}]}}