{"id":1594,"date":"2023-04-24T20:52:44","date_gmt":"2023-04-24T18:52:44","guid":{"rendered":"https:\/\/sevedebygden.naturskyddsforeningen.se\/?p=1594"},"modified":"2023-04-24T20:52:44","modified_gmt":"2023-04-24T18:52:44","slug":"fagning-av-sundsangen-3","status":"publish","type":"post","link":"https:\/\/vimmerby.naturskyddsforeningen.se\/?p=1594","title":{"rendered":"Fagning av Sunds\u00e4ngen"},"content":{"rendered":"<p><a href=\"https:\/\/vimmerby.naturskyddsforeningen.se\/wp-content\/uploads\/sites\/46\/2023\/04\/339684927_1417487809076776_445655689182401449_n.jpg\"><img loading=\"lazy\" decoding=\"async\" class=\"alignnone wp-image-1595 size-large\" src=\"https:\/\/vimmerby.naturskyddsforeningen.se\/wp-content\/uploads\/sites\/46\/2023\/04\/339684927_1417487809076776_445655689182401449_n-1024x768.jpg\" alt=\"\" width=\"563\" height=\"422\" srcset=\"https:\/\/vimmerby.naturskyddsforeningen.se\/wp-content\/uploads\/sites\/46\/2023\/04\/339684927_1417487809076776_445655689182401449_n-1024x768.jpg 1024w, https:\/\/vimmerby.naturskyddsforeningen.se\/wp-content\/uploads\/sites\/46\/2023\/04\/339684927_1417487809076776_445655689182401449_n-300x225.jpg 300w, https:\/\/vimmerby.naturskyddsforeningen.se\/wp-content\/uploads\/sites\/46\/2023\/04\/339684927_1417487809076776_445655689182401449_n-768x576.jpg 768w, https:\/\/vimmerby.naturskyddsforeningen.se\/wp-content\/uploads\/sites\/46\/2023\/04\/339684927_1417487809076776_445655689182401449_n-1536x1152.jpg 1536w, https:\/\/vimmerby.naturskyddsforeningen.se\/wp-content\/uploads\/sites\/46\/2023\/04\/339684927_1417487809076776_445655689182401449_n.jpg 2048w\" sizes=\"(max-width: 563px) 100vw, 563px\" \/><\/a><\/p>\n<p>Fredagen 21 april 2023 fagades Sunds\u00e4ngen, med stor hj\u00e4lp fr\u00e5n Fastighetssk\u00f6tarkursen fr\u00e5n Vimmerby folkh\u00f6gskola. Totalt ca 15 personer var ute i det vackra v\u00e4dret och krattade fint p\u00e5 \u00e4ngen.<\/p>\n","protected":false},"excerpt":{"rendered":"<p>Fredagen 21 april 2023 fagades Sunds\u00e4ngen, med stor hj\u00e4lp fr\u00e5n Fastighetssk\u00f6tarkursen fr\u00e5n Vimmerby folkh\u00f6gskola. Totalt ca 15 personer var ute i det vackra v\u00e4dret och krattade fint p\u00e5 \u00e4ngen.<\/p>\n","protected":false},"author":32,"featured_media":0,"comment_status":"open","ping_status":"open","sticky":false,"template":"","format":"standard","meta":{"_acf_changed":false,"_jetpack_memberships_contains_paid_content":false,"footnotes":""},"categories":[13],"tags":[],"acf":[],"jetpack_sharing_enabled":true,"featured_image_src":null,"featured_image_src_square":null,"author_info":{"display_name":"kretssevedebygden","author_link":"https:\/\/vimmerby.naturskyddsforeningen.se\/?author=32"},"jetpack_featured_media_url":"","_links":{"self":[{"href":"https:\/\/vimmerby.naturskyddsforeningen.se\/index.php?rest_route=\/wp\/v2\/posts\/1594"}],"collection":[{"href":"https:\/\/vimmerby.naturskyddsforeningen.se\/index.php?rest_route=\/wp\/v2\/posts"}],"about":[{"href":"https:\/\/vimmerby.naturskyddsforeningen.se\/index.php?rest_route=\/wp\/v2\/types\/post"}],"author":[{"embeddable":true,"href":"https:\/\/vimmerby.naturskyddsforeningen.se\/index.php?rest_route=\/wp\/v2\/users\/32"}],"replies":[{"embeddable":true,"href":"https:\/\/vimmerby.naturskyddsforeningen.se\/index.php?rest_route=%2Fwp%2Fv2%2Fcomments&post=1594"}],"version-history":[{"count":1,"href":"https:\/\/vimmerby.naturskyddsforeningen.se\/index.php?rest_route=\/wp\/v2\/posts\/1594\/revisions"}],"predecessor-version":[{"id":1596,"href":"https:\/\/vimmerby.naturskyddsforeningen.se\/index.php?rest_route=\/wp\/v2\/posts\/1594\/revisions\/1596"}],"wp:attachment":[{"href":"https:\/\/vimmerby.naturskyddsforeningen.se\/index.php?rest_route=%2Fwp%2Fv2%2Fmedia&parent=1594"}],"wp:term":[{"taxonomy":"category","embeddable":true,"href":"https:\/\/vimmerby.naturskyddsforeningen.se\/index.php?rest_route=%2Fwp%2Fv2%2Fcategories&post=1594"},{"taxonomy":"post_tag","embeddable":true,"href":"https:\/\/vimmerby.naturskyddsforeningen.se\/index.php?rest_route=%2Fwp%2Fv2%2Ftags&post=1594"}],"curies":[{"name":"wp","href":"https:\/\/api.w.org\/{rel}","templated":true}]}}