{"id":1592,"date":"2023-04-25T05:52:11","date_gmt":"2023-04-25T03:52:11","guid":{"rendered":"https:\/\/sevedebygden.naturskyddsforeningen.se\/?p=1592"},"modified":"2023-04-25T05:52:11","modified_gmt":"2023-04-25T03:52:11","slug":"djursdalarundan-2","status":"publish","type":"post","link":"https:\/\/vimmerby.naturskyddsforeningen.se\/?p=1592","title":{"rendered":"Djursdalarundan"},"content":{"rendered":"<p>Djursdalarundan 2023 gick av stapeln den 23 april och v\u00e4dret var vackert trots oroande prognoser med regn och bl\u00e5st. Vi fr\u00e5n Naturskyddsf\u00f6reningen i Vimmerby blev glada \u00f6ver de \u00f6ver 80 personer som ville g\u00e5 v\u00e5r tipspromenad! Fr\u00e5gorna var kluriga, m\u00e5nga fick gissa och r\u00e5dfr\u00e5ga sina medg\u00e5ngare l\u00e4ngst v\u00e4gen. En vinnare kommer snart att koras och publiceras som s\u00e5dan i Vimmerby tidning, tillsammans med de r\u00e4tta svaren. Naturskyddsf\u00f6reningen s\u00e5lde kaffe och saft, vitsippor, bl\u00e5sippor och annat vackert bj\u00f6d moder natur p\u00e5.<\/p>\n<p><a href=\"https:\/\/vimmerby.naturskyddsforeningen.se\/wp-content\/uploads\/sites\/46\/2023\/04\/339577744_1668948456861072_720315953922371536_n.jpg\"><img loading=\"lazy\" decoding=\"async\" class=\"alignnone wp-image-1597 size-full\" src=\"https:\/\/vimmerby.naturskyddsforeningen.se\/wp-content\/uploads\/sites\/46\/2023\/04\/339577744_1668948456861072_720315953922371536_n.jpg\" alt=\"\" width=\"274\" height=\"206\" \/><\/a><\/p>\n<p>Vimmerby orienteringsklubb och tj\u00e4rbr\u00e4nnare fr\u00e5n hembygdsf\u00f6reningen i Djursdala fanns p\u00e5 plats till allm\u00e4nhetens besk\u00e5dan utefter rundan. Korvgrillning ordnade Djursdala sportklubb DSK, fotoutst\u00e4llning vid Ungstorp beundrades och sattes upp av Vimmerby fotoklubb. Tack till Torsten och Brittmarie Ungs\u00e4ter f\u00f6r att ni ordnat en konstutst\u00e4llning i galleri L\u00f6nnen och stort tack \u00e4ven till alla f\u00f6reningsmedlemmar som st\u00e4llde upp och gjorde dagen fin p\u00e5 alla s\u00e4tt. N\u00e4sta \u00e5r firar Djursdalarundan 50 \u00e5r! D\u00e5 blir det en dag att minnas, det lovar vi!<\/p>\n<p>V\u00e5rh\u00e4lsningar fr\u00e5n styrelsen f\u00f6r Naturskyddsf\u00f6reningen i Vimmerby<\/p>\n","protected":false},"excerpt":{"rendered":"<p>Djursdalarundan 2023 gick av stapeln den 23 april och v\u00e4dret var vackert trots oroande prognoser med regn och bl\u00e5st. Vi fr\u00e5n Naturskyddsf\u00f6reningen i Vimmerby blev glada \u00f6ver de \u00f6ver 80 personer som ville g\u00e5 v\u00e5r tipspromenad! Fr\u00e5gorna var kluriga, m\u00e5nga fick gissa och r\u00e5dfr\u00e5ga sina medg\u00e5ngare l\u00e4ngst v\u00e4gen. En vinnare kommer snart att koras och [&hellip;]<\/p>\n","protected":false},"author":32,"featured_media":0,"comment_status":"open","ping_status":"open","sticky":false,"template":"","format":"standard","meta":{"_acf_changed":false,"_jetpack_memberships_contains_paid_content":false,"footnotes":""},"categories":[13],"tags":[],"acf":[],"jetpack_sharing_enabled":true,"featured_image_src":null,"featured_image_src_square":null,"author_info":{"display_name":"kretssevedebygden","author_link":"https:\/\/vimmerby.naturskyddsforeningen.se\/?author=32"},"jetpack_featured_media_url":"","_links":{"self":[{"href":"https:\/\/vimmerby.naturskyddsforeningen.se\/index.php?rest_route=\/wp\/v2\/posts\/1592"}],"collection":[{"href":"https:\/\/vimmerby.naturskyddsforeningen.se\/index.php?rest_route=\/wp\/v2\/posts"}],"about":[{"href":"https:\/\/vimmerby.naturskyddsforeningen.se\/index.php?rest_route=\/wp\/v2\/types\/post"}],"author":[{"embeddable":true,"href":"https:\/\/vimmerby.naturskyddsforeningen.se\/index.php?rest_route=\/wp\/v2\/users\/32"}],"replies":[{"embeddable":true,"href":"https:\/\/vimmerby.naturskyddsforeningen.se\/index.php?rest_route=%2Fwp%2Fv2%2Fcomments&post=1592"}],"version-history":[{"count":2,"href":"https:\/\/vimmerby.naturskyddsforeningen.se\/index.php?rest_route=\/wp\/v2\/posts\/1592\/revisions"}],"predecessor-version":[{"id":1598,"href":"https:\/\/vimmerby.naturskyddsforeningen.se\/index.php?rest_route=\/wp\/v2\/posts\/1592\/revisions\/1598"}],"wp:attachment":[{"href":"https:\/\/vimmerby.naturskyddsforeningen.se\/index.php?rest_route=%2Fwp%2Fv2%2Fmedia&parent=1592"}],"wp:term":[{"taxonomy":"category","embeddable":true,"href":"https:\/\/vimmerby.naturskyddsforeningen.se\/index.php?rest_route=%2Fwp%2Fv2%2Fcategories&post=1592"},{"taxonomy":"post_tag","embeddable":true,"href":"https:\/\/vimmerby.naturskyddsforeningen.se\/index.php?rest_route=%2Fwp%2Fv2%2Ftags&post=1592"}],"curies":[{"name":"wp","href":"https:\/\/api.w.org\/{rel}","templated":true}]}}