{"id":1495,"date":"2020-10-30T08:11:06","date_gmt":"2020-10-30T07:11:06","guid":{"rendered":"https:\/\/sevedebygden.naturskyddsforeningen.se\/?p=1495"},"modified":"2021-04-23T08:55:42","modified_gmt":"2021-04-23T06:55:42","slug":"natursnokade","status":"publish","type":"post","link":"https:\/\/vimmerby.naturskyddsforeningen.se\/?p=1495","title":{"rendered":"Natursnokarna oktober 2020"},"content":{"rendered":"<p><a href=\"https:\/\/vimmerby.naturskyddsforeningen.se\/wp-content\/uploads\/sites\/46\/2019\/10\/snokarna-2.jpg\"><img loading=\"lazy\" decoding=\"async\" class=\"alignnone size-medium wp-image-1343\" src=\"https:\/\/vimmerby.naturskyddsforeningen.se\/wp-content\/uploads\/sites\/46\/2019\/10\/snokarna-2-300x169.jpg\" alt=\"\" width=\"300\" height=\"169\" srcset=\"https:\/\/vimmerby.naturskyddsforeningen.se\/wp-content\/uploads\/sites\/46\/2019\/10\/snokarna-2-300x169.jpg 300w, https:\/\/vimmerby.naturskyddsforeningen.se\/wp-content\/uploads\/sites\/46\/2019\/10\/snokarna-2-768x432.jpg 768w, https:\/\/vimmerby.naturskyddsforeningen.se\/wp-content\/uploads\/sites\/46\/2019\/10\/snokarna-2-1024x576.jpg 1024w, https:\/\/vimmerby.naturskyddsforeningen.se\/wp-content\/uploads\/sites\/46\/2019\/10\/snokarna-2-560x315.jpg 560w\" sizes=\"(max-width: 300px) 100vw, 300px\" \/>\u00a0\u00a0\u00a0\u00a0<\/a> <a href=\"https:\/\/vimmerby.naturskyddsforeningen.se\/wp-content\/uploads\/sites\/46\/2019\/10\/snokarna-1.jpg\"><img loading=\"lazy\" decoding=\"async\" class=\"alignnone wp-image-1342\" src=\"https:\/\/vimmerby.naturskyddsforeningen.se\/wp-content\/uploads\/sites\/46\/2019\/10\/snokarna-1-300x300.jpg\" alt=\"\" width=\"223\" height=\"223\" srcset=\"https:\/\/vimmerby.naturskyddsforeningen.se\/wp-content\/uploads\/sites\/46\/2019\/10\/snokarna-1-300x300.jpg 300w, https:\/\/vimmerby.naturskyddsforeningen.se\/wp-content\/uploads\/sites\/46\/2019\/10\/snokarna-1-150x150.jpg 150w, https:\/\/vimmerby.naturskyddsforeningen.se\/wp-content\/uploads\/sites\/46\/2019\/10\/snokarna-1-768x768.jpg 768w, https:\/\/vimmerby.naturskyddsforeningen.se\/wp-content\/uploads\/sites\/46\/2019\/10\/snokarna-1-1024x1024.jpg 1024w, https:\/\/vimmerby.naturskyddsforeningen.se\/wp-content\/uploads\/sites\/46\/2019\/10\/snokarna-1-600x600.jpg 600w, https:\/\/vimmerby.naturskyddsforeningen.se\/wp-content\/uploads\/sites\/46\/2019\/10\/snokarna-1-560x560.jpg 560w\" sizes=\"(max-width: 223px) 100vw, 223px\" \/><\/a><\/p>\n<h2 style=\"text-align: left\">Natursnokstr\u00e4ff p\u00e5 h\u00f6stlovet 2020<\/h2>\n<p>En gr\u00e5mulen m\u00e5ndag den 26 oktober tr\u00e4ffades 14 barn och lika m\u00e5nga vuxna<br \/>\np\u00e5 en liten g\u00e5rd strax utanf\u00f6r Storebro f\u00f6r att tillsammans snoka runt i naturen.<br \/>\nVi b\u00f6rjade med\u00a0 att hitta p\u00e5 varsitt djurnamn och d\u00e4r d\u00f6k Wilda h\u00e4st, Vilgot<br \/>\nkanin, Agnes katt, Anders abborre och m\u00e5nga fler upp i ringen. Vi gjorde en<br \/>\nliten vandring upp i skogen och hittade en grotta som unders\u00f6ktes av alla som<br \/>\ns\u00e5 ville. N\u00e5gra var entusiastiska och n\u00e5gra avstod fr\u00e5n att kliva in i m\u00f6rkret.<\/p>\n<p>Caroline, en av Natursnoksledarna, ber\u00e4ttade om en r\u00f6vare som enligt h\u00f6rs\u00e4gen<br \/>\nhade g\u00f6mt sin skatt d\u00e4r f\u00f6r m\u00e5nga \u00e5r sedan och n\u00e5gra av barnen letade flitigt<br \/>\nefter den.<\/p>\n<p>I naturen fanns ocks\u00e5 m\u00e5nga f\u00f6runderliga saker s\u00e5som en pytteliten svamp<br \/>\nsom v\u00e4xte p\u00e5 ett tallbarr. Ett barn hittade en konstig struktur p\u00e5 en stubbe och<br \/>\nvi kikade p\u00e5 det genom luppen. Det s\u00e5g ut som ett m\u00e5nlandskap men var nog<br \/>\nen lav.<\/p>\n<p>Efter skogspromenaden bj\u00f6d Sevedebygdens Natursnokar p\u00e5 grillad korv och<br \/>\nsaft f\u00f6r pengar vi f\u00e5tt fr\u00e5n Lifvens spelning i somras. Kenneth Ros\u00e9n i Lifvens<br \/>\nville att hans del av insamlingen skulle tillfalla Natursnokarna. Vi \u00e4r s\u00e5 tacksamma<br \/>\noch hoppas kunna spendera mer av pengarna p\u00e5 kommande aktiviteter.<\/p>\n<p>N\u00e4r vi grillat klart kom regnet och m\u00f6rkret och gruppen skingrades efter n\u00e5gra<br \/>\ntrevliga eftermiddagstimmar tillsammans.<\/p>\n<p>Vi hoppas att vi ses snart igen<\/p>\n<p>Natursnoksledare<br \/>\nCarina Beijer Caroline Axelsson och Matilda Gustafsson<\/p>\n<p><a href=\"https:\/\/vimmerby.naturskyddsforeningen.se\/wp-content\/uploads\/sites\/46\/2019\/10\/natursnok.jpg\"><img loading=\"lazy\" decoding=\"async\" class=\"alignnone size-medium wp-image-1336\" src=\"https:\/\/vimmerby.naturskyddsforeningen.se\/wp-content\/uploads\/sites\/46\/2019\/10\/natursnok-300x101.jpg\" alt=\"\" width=\"300\" height=\"101\" srcset=\"https:\/\/vimmerby.naturskyddsforeningen.se\/wp-content\/uploads\/sites\/46\/2019\/10\/natursnok-300x101.jpg 300w, https:\/\/vimmerby.naturskyddsforeningen.se\/wp-content\/uploads\/sites\/46\/2019\/10\/natursnok.jpg 388w\" sizes=\"(max-width: 300px) 100vw, 300px\" \/><\/a><\/p>\n","protected":false},"excerpt":{"rendered":"<p>\u00a0\u00a0\u00a0\u00a0 Natursnokstr\u00e4ff p\u00e5 h\u00f6stlovet 2020 En gr\u00e5mulen m\u00e5ndag den 26 oktober tr\u00e4ffades 14 barn och lika m\u00e5nga vuxna p\u00e5 en liten g\u00e5rd strax utanf\u00f6r Storebro f\u00f6r att tillsammans snoka runt i naturen. Vi b\u00f6rjade med\u00a0 att hitta p\u00e5 varsitt djurnamn och d\u00e4r d\u00f6k Wilda h\u00e4st, Vilgot kanin, Agnes katt, Anders abborre och m\u00e5nga fler upp [&hellip;]<\/p>\n","protected":false},"author":32,"featured_media":0,"comment_status":"open","ping_status":"open","sticky":false,"template":"","format":"standard","meta":{"_acf_changed":false,"_jetpack_memberships_contains_paid_content":false,"footnotes":""},"categories":[13],"tags":[],"acf":[],"jetpack_sharing_enabled":true,"featured_image_src":null,"featured_image_src_square":null,"author_info":{"display_name":"kretssevedebygden","author_link":"https:\/\/vimmerby.naturskyddsforeningen.se\/?author=32"},"jetpack_featured_media_url":"","_links":{"self":[{"href":"https:\/\/vimmerby.naturskyddsforeningen.se\/index.php?rest_route=\/wp\/v2\/posts\/1495"}],"collection":[{"href":"https:\/\/vimmerby.naturskyddsforeningen.se\/index.php?rest_route=\/wp\/v2\/posts"}],"about":[{"href":"https:\/\/vimmerby.naturskyddsforeningen.se\/index.php?rest_route=\/wp\/v2\/types\/post"}],"author":[{"embeddable":true,"href":"https:\/\/vimmerby.naturskyddsforeningen.se\/index.php?rest_route=\/wp\/v2\/users\/32"}],"replies":[{"embeddable":true,"href":"https:\/\/vimmerby.naturskyddsforeningen.se\/index.php?rest_route=%2Fwp%2Fv2%2Fcomments&post=1495"}],"version-history":[{"count":2,"href":"https:\/\/vimmerby.naturskyddsforeningen.se\/index.php?rest_route=\/wp\/v2\/posts\/1495\/revisions"}],"predecessor-version":[{"id":1518,"href":"https:\/\/vimmerby.naturskyddsforeningen.se\/index.php?rest_route=\/wp\/v2\/posts\/1495\/revisions\/1518"}],"wp:attachment":[{"href":"https:\/\/vimmerby.naturskyddsforeningen.se\/index.php?rest_route=%2Fwp%2Fv2%2Fmedia&parent=1495"}],"wp:term":[{"taxonomy":"category","embeddable":true,"href":"https:\/\/vimmerby.naturskyddsforeningen.se\/index.php?rest_route=%2Fwp%2Fv2%2Fcategories&post=1495"},{"taxonomy":"post_tag","embeddable":true,"href":"https:\/\/vimmerby.naturskyddsforeningen.se\/index.php?rest_route=%2Fwp%2Fv2%2Ftags&post=1495"}],"curies":[{"name":"wp","href":"https:\/\/api.w.org\/{rel}","templated":true}]}}