{"id":1332,"date":"2019-10-29T08:05:32","date_gmt":"2019-10-29T07:05:32","guid":{"rendered":"https:\/\/sevedebygden.naturskyddsforeningen.se\/?p=1332"},"modified":"2021-04-23T08:55:53","modified_gmt":"2021-04-23T06:55:53","slug":"natursnokarna","status":"publish","type":"post","link":"https:\/\/vimmerby.naturskyddsforeningen.se\/?p=1332","title":{"rendered":"Natursnokarna oktober 2019"},"content":{"rendered":"<p>I m\u00e5ndags eftermiddag\/kv\u00e4ll hade vi, tre medlemmar i Sevedebygdens Naturskyddsf\u00f6rening en barnv\u00e4nlig aktivitet i form av Natursnokarna som gick hem hos gammal som ung.<\/p>\n<p>Vi samlades kl 16 i G\u00e4stgivarhagen. T\u00e4nde en brasa och h\u00e4lsade p\u00e5 varandra. Vi var 11 barn (mellan n\u00e5gra m\u00e5nader och 12 \u00e5r gamla) samt deras vuxna s\u00e4llskap, flera mor- och farf\u00f6r\u00e4ldrar deltog. F\u00f6rst h\u00e5vade vi i b\u00e4cken som rinner genom G\u00e4stgivarhagen, vi hittade vattenlevande djur och en del skr\u00e4p som petflaska och en skruv. Djuren slog vi upp i en bok och de flesta l\u00e4rde sig en ny art. Sedan f\u00f6rs\u00f6kte vi artbest\u00e4mma olika svampar och l\u00f6v tillsammans. Vad g\u00e5r att \u00e4ta? var fr\u00e5gan. Efter en lek i ring d\u00e4r det g\u00e4llde att gissa f\u00f6rem\u00e5let fick barnen grilla pinnbr\u00f6d. Dem \u00e5t vi med sm\u00f6r. Solen gick ner och det var fin st\u00e4mning runt brasan. N\u00e4r vi b\u00f6rjade packa ihop var det en tjej i 5 \u00e5rs \u00e5ldern som absolut ville stanna kvar \ud83d\ude42 D\u00e5 hade vi varit ute i tv\u00e5 timmar och stj\u00e4rnor d\u00f6k upp p\u00e5 den svarta himlen.\u00a0Planen \u00e4r att ordna en liknande snokaktivitet varje skollov. Februari n\u00e4sta \u00e5r siktar vi p\u00e5. Detta var andra g\u00e5ngen vi tr\u00e4ffades f\u00f6r att l\u00e4ra oss mer om naturen n\u00e4ra Vimmerby.<\/p>\n<p>Deltog som ledare gjorde Matilda Gustafsson, Carina Beijer, Malin Kvarnstr\u00f6m och Caroline Axelsson.<\/p>\n","protected":false},"excerpt":{"rendered":"<p>I m\u00e5ndags eftermiddag\/kv\u00e4ll hade vi, tre medlemmar i Sevedebygdens Naturskyddsf\u00f6rening en barnv\u00e4nlig aktivitet i form av Natursnokarna som gick hem hos gammal som ung. Vi samlades kl 16 i G\u00e4stgivarhagen. T\u00e4nde en brasa och h\u00e4lsade p\u00e5 varandra. Vi var 11 barn (mellan n\u00e5gra m\u00e5nader och 12 \u00e5r gamla) samt deras vuxna s\u00e4llskap, flera mor- och [&hellip;]<\/p>\n","protected":false},"author":32,"featured_media":1342,"comment_status":"open","ping_status":"open","sticky":false,"template":"","format":"standard","meta":{"_acf_changed":false,"_jetpack_memberships_contains_paid_content":false,"footnotes":""},"categories":[13],"tags":[],"acf":[],"jetpack_sharing_enabled":true,"featured_image_src":"https:\/\/vimmerby.naturskyddsforeningen.se\/wp-content\/uploads\/sites\/46\/2019\/10\/snokarna-1-600x400.jpg","featured_image_src_square":"https:\/\/vimmerby.naturskyddsforeningen.se\/wp-content\/uploads\/sites\/46\/2019\/10\/snokarna-1-600x600.jpg","author_info":{"display_name":"kretssevedebygden","author_link":"https:\/\/vimmerby.naturskyddsforeningen.se\/?author=32"},"jetpack_featured_media_url":"https:\/\/vimmerby.naturskyddsforeningen.se\/wp-content\/uploads\/sites\/46\/2019\/10\/snokarna-1.jpg","_links":{"self":[{"href":"https:\/\/vimmerby.naturskyddsforeningen.se\/index.php?rest_route=\/wp\/v2\/posts\/1332"}],"collection":[{"href":"https:\/\/vimmerby.naturskyddsforeningen.se\/index.php?rest_route=\/wp\/v2\/posts"}],"about":[{"href":"https:\/\/vimmerby.naturskyddsforeningen.se\/index.php?rest_route=\/wp\/v2\/types\/post"}],"author":[{"embeddable":true,"href":"https:\/\/vimmerby.naturskyddsforeningen.se\/index.php?rest_route=\/wp\/v2\/users\/32"}],"replies":[{"embeddable":true,"href":"https:\/\/vimmerby.naturskyddsforeningen.se\/index.php?rest_route=%2Fwp%2Fv2%2Fcomments&post=1332"}],"version-history":[{"count":5,"href":"https:\/\/vimmerby.naturskyddsforeningen.se\/index.php?rest_route=\/wp\/v2\/posts\/1332\/revisions"}],"predecessor-version":[{"id":1519,"href":"https:\/\/vimmerby.naturskyddsforeningen.se\/index.php?rest_route=\/wp\/v2\/posts\/1332\/revisions\/1519"}],"wp:featuredmedia":[{"embeddable":true,"href":"https:\/\/vimmerby.naturskyddsforeningen.se\/index.php?rest_route=\/wp\/v2\/media\/1342"}],"wp:attachment":[{"href":"https:\/\/vimmerby.naturskyddsforeningen.se\/index.php?rest_route=%2Fwp%2Fv2%2Fmedia&parent=1332"}],"wp:term":[{"taxonomy":"category","embeddable":true,"href":"https:\/\/vimmerby.naturskyddsforeningen.se\/index.php?rest_route=%2Fwp%2Fv2%2Fcategories&post=1332"},{"taxonomy":"post_tag","embeddable":true,"href":"https:\/\/vimmerby.naturskyddsforeningen.se\/index.php?rest_route=%2Fwp%2Fv2%2Ftags&post=1332"}],"curies":[{"name":"wp","href":"https:\/\/api.w.org\/{rel}","templated":true}]}}